{"id":3055,"date":"2019-03-18T21:25:55","date_gmt":"2019-03-18T20:25:55","guid":{"rendered":"http:\/\/www.toulon-triathlon.com\/?p=3055"},"modified":"2019-03-19T23:31:30","modified_gmt":"2019-03-19T22:31:30","slug":"1er-gros-week-end-de-courses","status":"publish","type":"post","link":"https:\/\/www.toulon-triathlon.com\/index.php\/1er-gros-week-end-de-courses\/","title":{"rendered":"1er gros week-end de courses !"},"content":{"rendered":"\n<p>Bon 1<sup>er<\/sup> gros week end sportif pour le club avec plus de 20 engag\u00e9s sur diff\u00e9rentes \u00e9preuves :<\/p>\n\n\n\n<h3 class=\"wp-block-heading\">5 \u00e9quipes sur le Swimrun Esterel Cote d\u2019Azur&nbsp;:<\/h3>\n\n\n\n<ul class=\"wp-block-list\"><li>Citius Fortius avec&nbsp;\u00d6liv\nY\u00e9<\/li><li>Les GG&nbsp;avec&nbsp;Patrick Gravier&nbsp;et&nbsp;Xavier\nGaillard<\/li><li>Nici Team avec les Pellegry p\u00e8re et fils&nbsp;Serge&nbsp;et&nbsp;K\u00e9vin\nPoulet<\/li><li>Toulon Triathlon avec&nbsp;Kevin Stepien<\/li><li>Toulon Triathlon avec&nbsp;Fr\u00e9d\u00e9ric Dnl-Cptn&nbsp;et&nbsp;Hugo\nPerini<\/li><\/ul>\n\n\n\n<p><a href=\"https:\/\/docs.google.com\/document\/d\/14HYtbsP2lxwOy_1A3BrsjzflNUUJ5L-O2QvICh-94zU\/edit?ts=5c90f321\">Compte rendu de Xavier G<\/a><\/p>\n\n\n\n<p><a href=\"https:\/\/www.facebook.com\/groups\/545335855590233\/permalink\/1074164422707371\/?__xts__[0]=68.ARApOw2i8QV_3yM_e9KbhskGuf4m0AUOl6s8oosXHw5m869TS6lwwpEoti_6cvIxcm9HKpOKS-cYCC7RgTx_DJAjz8BinWUB-yIXi4yh53cdPsVO9gWjkTzhG_nINTqE4peZqJ6mHZERCRZhfL-NHy9wQaJtwofRznHommhl8keegnQZAeD16utq-1UnHFGaVoKUFr0afruF59Qs_Vist5H_qY5DBCN4-p7gFoyFuYupguOTIZM9RZP_xpewc5TotMNqi0McKlen59JciVEsIOcJQKi8EvqotvRyVWaZkqY--F8M29KVt5Y0gWX2L5YzZTFTN4A3rtA2AaezNI-w4Oc&amp;__tn__=-UC-R\">Compte rendu d&rsquo;Olivier<\/a><\/p>\n\n\n\n<p><a href=\"https:\/\/swimrun.esterel-cotedazur.com\/wp-content\/uploads\/2019\/03\/Classement-Swinrun-Esterel-2019.pdf\">R\u00e9sultats<\/a><\/p>\n\n\n\n<h3 class=\"wp-block-heading\">2 coureurs sur le semi marathon de Hy\u00e8res <\/h3>\n\n\n\n<p>Tr\u00e8s bon \u00ab sub 1h20 \u00bb (record personnel) de Seb et encore une performance du \u00ab serial runner \u00bb guigui sur plus de 700 participants !<\/p>\n\n\n\n<table class=\"wp-block-table\"><tbody><tr><td>\n  17\n  <\/td><td>\n  <strong>1h19&rsquo;42\u00a0\u00bb<\/strong>\n  <\/td><td>\n  <a href=\"javascript:bddThrowAthlete('resultats',%20454437,%200)\">LECRAS Sebastien<\/a>\n  <\/td><\/tr><tr><td>\n  383\n  <\/td><td>\n  <strong>1h52&rsquo;59\u00a0\u00bb<\/strong>\n  <\/td><td>\n  <a href=\"javascript:bddThrowAthlete('resultats',%201025463,%200)\">MORCHIO\n  Guillaume<\/a>\n  <\/td><\/tr><\/tbody><\/table>\n\n\n\n<p><a href=\"http:\/\/bases.athle.com\/asp.net\/liste.aspx?frmbase=resultats&amp;frmmode=1&amp;frmespace=0&amp;frmcompetition=217198&amp;frmepreuve=1%2f2+Marathon+TC\">R\u00e9sultats<\/a><\/p>\n\n\n\n<ul class=\"wp-block-gallery columns-2 is-cropped wp-block-gallery-1 is-layout-flex wp-block-gallery-is-layout-flex\"><li class=\"blocks-gallery-item\"><figure><img loading=\"lazy\" decoding=\"async\" width=\"464\" height=\"475\" src=\"https:\/\/www.toulon-triathlon.com\/wp-content\/uploads\/2019\/03\/seb-1.jpg\" alt=\"\" data-id=\"3059\" data-link=\"https:\/\/www.toulon-triathlon.com\/?attachment_id=3059\" class=\"wp-image-3059\" srcset=\"https:\/\/www.toulon-triathlon.com\/wp-content\/uploads\/2019\/03\/seb-1.jpg 464w, https:\/\/www.toulon-triathlon.com\/wp-content\/uploads\/2019\/03\/seb-1-293x300.jpg 293w, https:\/\/www.toulon-triathlon.com\/wp-content\/uploads\/2019\/03\/seb-1-145x148.jpg 145w, https:\/\/www.toulon-triathlon.com\/wp-content\/uploads\/2019\/03\/seb-1-31x31.jpg 31w, https:\/\/www.toulon-triathlon.com\/wp-content\/uploads\/2019\/03\/seb-1-38x38.jpg 38w, https:\/\/www.toulon-triathlon.com\/wp-content\/uploads\/2019\/03\/seb-1-210x215.jpg 210w\" sizes=\"auto, (max-width: 464px) 100vw, 464px\" \/><\/figure><\/li><li class=\"blocks-gallery-item\"><figure><img loading=\"lazy\" decoding=\"async\" width=\"352\" height=\"640\" src=\"https:\/\/www.toulon-triathlon.com\/wp-content\/uploads\/2019\/03\/guigui-1.jpg\" alt=\"\" data-id=\"3060\" data-link=\"https:\/\/www.toulon-triathlon.com\/?attachment_id=3060\" class=\"wp-image-3060\" srcset=\"https:\/\/www.toulon-triathlon.com\/wp-content\/uploads\/2019\/03\/guigui-1.jpg 352w, https:\/\/www.toulon-triathlon.com\/wp-content\/uploads\/2019\/03\/guigui-1-165x300.jpg 165w, https:\/\/www.toulon-triathlon.com\/wp-content\/uploads\/2019\/03\/guigui-1-81x148.jpg 81w, https:\/\/www.toulon-triathlon.com\/wp-content\/uploads\/2019\/03\/guigui-1-17x31.jpg 17w, https:\/\/www.toulon-triathlon.com\/wp-content\/uploads\/2019\/03\/guigui-1-21x38.jpg 21w, https:\/\/www.toulon-triathlon.com\/wp-content\/uploads\/2019\/03\/guigui-1-118x215.jpg 118w\" sizes=\"auto, (max-width: 352px) 100vw, 352px\" \/><\/figure><\/li><\/ul>\n\n\n\n<h3 class=\"wp-block-heading\">Primavera de Cuers<\/h3>\n\n\n\n<p>Encore 10 autres repr\u00e9sentants sur les 100km de la cyclo \u00ab Primavera \u00bb de Cuers !<\/p>\n\n\n\n<figure class=\"wp-block-image\"><img loading=\"lazy\" decoding=\"async\" width=\"960\" height=\"540\" src=\"https:\/\/www.toulon-triathlon.com\/wp-content\/uploads\/2019\/03\/Primavera_2019.jpg\" alt=\"\" class=\"wp-image-3056\" srcset=\"https:\/\/www.toulon-triathlon.com\/wp-content\/uploads\/2019\/03\/Primavera_2019.jpg 960w, https:\/\/www.toulon-triathlon.com\/wp-content\/uploads\/2019\/03\/Primavera_2019-300x169.jpg 300w, https:\/\/www.toulon-triathlon.com\/wp-content\/uploads\/2019\/03\/Primavera_2019-768x432.jpg 768w, https:\/\/www.toulon-triathlon.com\/wp-content\/uploads\/2019\/03\/Primavera_2019-148x83.jpg 148w, https:\/\/www.toulon-triathlon.com\/wp-content\/uploads\/2019\/03\/Primavera_2019-31x17.jpg 31w, https:\/\/www.toulon-triathlon.com\/wp-content\/uploads\/2019\/03\/Primavera_2019-38x21.jpg 38w, https:\/\/www.toulon-triathlon.com\/wp-content\/uploads\/2019\/03\/Primavera_2019-382x215.jpg 382w\" sizes=\"auto, (max-width: 960px) 100vw, 960px\" \/><\/figure>\n\n\n\n<p><a href=\"http:\/\/bases.athle.com\/asp.net\/liste.aspx?frmbase=resultats&amp;frmmode=1&amp;frmespace=0&amp;frmcompetition=217198&amp;frmepreuve=1%2f2+Marathon+TC\">C<\/a><\/p>\n","protected":false},"excerpt":{"rendered":"<p>Bon 1er gros week end sportif pour le club avec plus de 20 engag\u00e9s sur diff\u00e9rentes \u00e9preuves : 5 \u00e9quipes<\/p>\n","protected":false},"author":1,"featured_media":3056,"comment_status":"open","ping_status":"open","sticky":false,"template":"","format":"standard","meta":{"colormag_page_container_layout":"default_layout","colormag_page_sidebar_layout":"default_layout","_monsterinsights_skip_tracking":false,"_monsterinsights_sitenote_active":false,"_monsterinsights_sitenote_note":"","_monsterinsights_sitenote_category":0,"ngg_post_thumbnail":0,"footnotes":""},"categories":[5],"tags":[],"class_list":["post-3055","post","type-post","status-publish","format-standard","has-post-thumbnail","hentry","category-resultat-de-course"],"_links":{"self":[{"href":"https:\/\/www.toulon-triathlon.com\/index.php\/wp-json\/wp\/v2\/posts\/3055","targetHints":{"allow":["GET"]}}],"collection":[{"href":"https:\/\/www.toulon-triathlon.com\/index.php\/wp-json\/wp\/v2\/posts"}],"about":[{"href":"https:\/\/www.toulon-triathlon.com\/index.php\/wp-json\/wp\/v2\/types\/post"}],"author":[{"embeddable":true,"href":"https:\/\/www.toulon-triathlon.com\/index.php\/wp-json\/wp\/v2\/users\/1"}],"replies":[{"embeddable":true,"href":"https:\/\/www.toulon-triathlon.com\/index.php\/wp-json\/wp\/v2\/comments?post=3055"}],"version-history":[{"count":4,"href":"https:\/\/www.toulon-triathlon.com\/index.php\/wp-json\/wp\/v2\/posts\/3055\/revisions"}],"predecessor-version":[{"id":3066,"href":"https:\/\/www.toulon-triathlon.com\/index.php\/wp-json\/wp\/v2\/posts\/3055\/revisions\/3066"}],"wp:featuredmedia":[{"embeddable":true,"href":"https:\/\/www.toulon-triathlon.com\/index.php\/wp-json\/wp\/v2\/media\/3056"}],"wp:attachment":[{"href":"https:\/\/www.toulon-triathlon.com\/index.php\/wp-json\/wp\/v2\/media?parent=3055"}],"wp:term":[{"taxonomy":"category","embeddable":true,"href":"https:\/\/www.toulon-triathlon.com\/index.php\/wp-json\/wp\/v2\/categories?post=3055"},{"taxonomy":"post_tag","embeddable":true,"href":"https:\/\/www.toulon-triathlon.com\/index.php\/wp-json\/wp\/v2\/tags?post=3055"}],"curies":[{"name":"wp","href":"https:\/\/api.w.org\/{rel}","templated":true}]}}