{"id":2136,"date":"2017-09-22T10:56:06","date_gmt":"2017-09-22T08:56:06","guid":{"rendered":"http:\/\/www.toulon-triathlon.com\/?p=2136"},"modified":"2017-09-22T10:56:06","modified_gmt":"2017-09-22T08:56:06","slug":"triathlon-s-de-carcans-33-championnat-de-france-du-ministere-des-finances","status":"publish","type":"post","link":"https:\/\/www.toulon-triathlon.com\/index.php\/triathlon-s-de-carcans-33-championnat-de-france-du-ministere-des-finances\/","title":{"rendered":"Triathlon S de Carcans (33), championnat de France du minist\u00e8re des Finances"},"content":{"rendered":"<div>Samedi 9 septembre avait lieu le triathlon sprint de Carcans en Gironde.<\/div>\n<div>Celui-ci servait aussi de support aux championnats de France de triathlon du minist\u00e8re des Finances.<\/div>\n<div>Les distances : 750 m natation &#8211; 30 km v\u00e9lo &#8211; 5 km course \u00e0 pied.<\/div>\n<div>Voici le r\u00e9cit de Marc L. qui conserve son titre de champion de France des finances !<\/div>\n<blockquote>\n<div>Nous \u00e9tions deux toulonnais pr\u00e9sents sur cette \u00e9preuve qui a rassembl\u00e9 200 triathl\u00e8tes.<\/div>\n<div>Je termine premier au classement scratch toutes cat\u00e9gories et donc champion de France du minist\u00e8re en 1 H. 18&prime; devant Philippe Avezou de Bouillac-Triathlon. Jean-Marc Dumey associ\u00e9 \u00e0 Sophie Ronfl\u00e9 termine deuxi\u00e8me par \u00e9quipe mixte\u00a0 en 1 H. 34&prime;<\/div>\n<\/blockquote>\n<div><img loading=\"lazy\" decoding=\"async\" class=\"alignnone size-full wp-image-2137 aligncenter\" src=\"https:\/\/www.toulon-triathlon.com\/wp-content\/uploads\/2017\/09\/Carcans-2017.jpg\" alt=\"carcans-2017\" width=\"653\" height=\"653\" srcset=\"https:\/\/www.toulon-triathlon.com\/wp-content\/uploads\/2017\/09\/Carcans-2017.jpg 653w, https:\/\/www.toulon-triathlon.com\/wp-content\/uploads\/2017\/09\/Carcans-2017-150x150.jpg 150w, https:\/\/www.toulon-triathlon.com\/wp-content\/uploads\/2017\/09\/Carcans-2017-300x300.jpg 300w, https:\/\/www.toulon-triathlon.com\/wp-content\/uploads\/2017\/09\/Carcans-2017-148x148.jpg 148w, https:\/\/www.toulon-triathlon.com\/wp-content\/uploads\/2017\/09\/Carcans-2017-31x31.jpg 31w, https:\/\/www.toulon-triathlon.com\/wp-content\/uploads\/2017\/09\/Carcans-2017-38x38.jpg 38w, https:\/\/www.toulon-triathlon.com\/wp-content\/uploads\/2017\/09\/Carcans-2017-215x215.jpg 215w\" sizes=\"auto, (max-width: 653px) 100vw, 653px\" \/><\/div>\n","protected":false},"excerpt":{"rendered":"<p>Samedi 9 septembre avait lieu le triathlon sprint de Carcans en Gironde. Celui-ci servait aussi de support aux championnats de<\/p>\n","protected":false},"author":1,"featured_media":2137,"comment_status":"open","ping_status":"open","sticky":false,"template":"","format":"standard","meta":{"colormag_page_container_layout":"default_layout","colormag_page_sidebar_layout":"default_layout","_monsterinsights_skip_tracking":false,"_monsterinsights_sitenote_active":false,"_monsterinsights_sitenote_note":"","_monsterinsights_sitenote_category":0,"ngg_post_thumbnail":0,"footnotes":""},"categories":[5],"tags":[],"class_list":["post-2136","post","type-post","status-publish","format-standard","has-post-thumbnail","hentry","category-resultat-de-course"],"_links":{"self":[{"href":"https:\/\/www.toulon-triathlon.com\/index.php\/wp-json\/wp\/v2\/posts\/2136","targetHints":{"allow":["GET"]}}],"collection":[{"href":"https:\/\/www.toulon-triathlon.com\/index.php\/wp-json\/wp\/v2\/posts"}],"about":[{"href":"https:\/\/www.toulon-triathlon.com\/index.php\/wp-json\/wp\/v2\/types\/post"}],"author":[{"embeddable":true,"href":"https:\/\/www.toulon-triathlon.com\/index.php\/wp-json\/wp\/v2\/users\/1"}],"replies":[{"embeddable":true,"href":"https:\/\/www.toulon-triathlon.com\/index.php\/wp-json\/wp\/v2\/comments?post=2136"}],"version-history":[{"count":1,"href":"https:\/\/www.toulon-triathlon.com\/index.php\/wp-json\/wp\/v2\/posts\/2136\/revisions"}],"predecessor-version":[{"id":2138,"href":"https:\/\/www.toulon-triathlon.com\/index.php\/wp-json\/wp\/v2\/posts\/2136\/revisions\/2138"}],"wp:featuredmedia":[{"embeddable":true,"href":"https:\/\/www.toulon-triathlon.com\/index.php\/wp-json\/wp\/v2\/media\/2137"}],"wp:attachment":[{"href":"https:\/\/www.toulon-triathlon.com\/index.php\/wp-json\/wp\/v2\/media?parent=2136"}],"wp:term":[{"taxonomy":"category","embeddable":true,"href":"https:\/\/www.toulon-triathlon.com\/index.php\/wp-json\/wp\/v2\/categories?post=2136"},{"taxonomy":"post_tag","embeddable":true,"href":"https:\/\/www.toulon-triathlon.com\/index.php\/wp-json\/wp\/v2\/tags?post=2136"}],"curies":[{"name":"wp","href":"https:\/\/api.w.org\/{rel}","templated":true}]}}